{"id":8152,"date":"2020-06-10T14:13:15","date_gmt":"2020-06-10T12:13:15","guid":{"rendered":"http:\/\/www.burguete.es\/?p=8152"},"modified":"2020-06-10T14:19:13","modified_gmt":"2020-06-10T12:19:13","slug":"ampliacion-pago-tributos-locales","status":"publish","type":"post","link":"http:\/\/www.burguete.es\/eu\/ampliacion-pago-tributos-locales\/","title":{"rendered":"Tokiko zergak ordaintzeko epearen luzapena"},"content":{"rendered":"<p><strong>AURIZKO ALKATEAK JAKINARAZTEN DU:<\/strong><\/p>\n<p><strong>\u00a0<\/strong>COVID-19ren Pandemiak eragindako inguruabar bereziak kontuan hartuta, martxoaren 25eko 2\/2020 Foru Dekretuan eta apirilaren 6ko 7\/2020 Foru Legean ezarritakoa betez, zeinak koronabirusaren osasun-krisiak (COVID-19) eragindako inpaktuari erantzuteko presako neurriak onartzen baititu, eta tokiko tributuen ordainketa ahal den neurrian errazteko<\/p>\n<p>Ebatzi dut:<\/p>\n<p>1.- 2020ko ekitaldiari dagokion tokiko tributuak ordaintzeko epea luzatzea. Hauek dira epe berriak:<\/p>\n<table>\n<tbody>\n<tr>\n<td width=\"365\">IMPUESTO \/ ZERGA<\/td>\n<td width=\"254\">FECHA LIMITE \/ AZKEN EGUNA<\/td>\n<\/tr>\n<tr>\n<td width=\"365\">2\u00ba Semestre agua 2019 Ura 2. seihilekoa<\/td>\n<td width=\"254\">Ekainak 30 de junio<\/td>\n<\/tr>\n<tr>\n<td width=\"365\">Impuesto Veh\u00edculos de tracci\u00f3n mec\u00e1nica IVTM<br \/>\nTrakzio mekanikoko ibilgailuen gaineko zerga TMIGZ<\/td>\n<td width=\"254\">Uztailak 30 de julio<\/td>\n<\/tr>\n<tr>\n<td width=\"365\">1\u00ba Semestre agua 2020 Ura 1go. seihilekoa<\/td>\n<td width=\"254\">Urriak 30 de octubre<\/td>\n<\/tr>\n<tr>\n<td width=\"365\">Impuesto de actividades econ\u00f3micas IAE<br \/>\nJarduera ekonomikoen gaineko zerga JEGZ<\/td>\n<td width=\"254\">Azaroak 30 de noviembre<\/td>\n<\/tr>\n<tr>\n<td width=\"365\">Contribuci\u00f3n territorial \/ Lurralde kontribuzioa<\/td>\n<td width=\"254\">Azaroak 30 de noviembre<\/td>\n<\/tr>\n<\/tbody>\n<\/table>\n<p>2.- Udalaren diru-kutxari zerga, ordainarazpen parafiskal, prezio eta, oro har, zuzenbide publikoko diru-sarrera gisa jaso behar dituen kopuruengatik zor zaizkion zenbatekoak zatitu ahal izanen dira, borondatezko aldian zein epe exekutiboan, Nafarroako Toki Ogasunei buruzko martxoaren 10eko 2\/1995 Foru Legean eta 2013ko otsailaren 20ko osoko bilkuraren akordioan ezarritako baldintza eta betekizunen arabera, betiere zordunaren egoera ekonomiko-finantzarioak galarazten badio, aldi baterako, ordainketa garaiz egitea eta geroratzearen bidez eskatzaileak zerga-betebeharrak egunean baldin baditu; egoera hori bere horretan mantenduko du geroratzeak iraun bitartean.<\/p>\n<p>3.- Osoko Bilkurari ebazpen honen berri ematea egiten den lehenengo ohiko bilkuran.<\/p>\n<p>&nbsp;<\/p>\n<p>Auritz\/Burguete, 2020ko ekainaren 10a<\/p>\n<p>ALKATEA<\/p>\n<p>&nbsp;<\/p>","protected":false},"excerpt":{"rendered":"<p>AURIZKO ALKATEAK JAKINARAZTEN DU: \u00a0COVID-19ren Pandemiak eragindako inguruabar bereziak kontuan hartuta, martxoaren 25eko 2\/2020 Foru Dekretuan eta apirilaren 6ko 7\/2020 Foru Legean ezarritakoa betez, zeinak koronabirusaren osasun-krisiak (COVID-19) eragindako inpaktuari erantzuteko presako neurriak onartzen baititu, eta tokiko tributuen ordainketa ahal&hellip; <\/p>\n","protected":false},"author":143,"featured_media":0,"comment_status":"closed","ping_status":"open","sticky":false,"template":"","format":"standard","meta":{"_monsterinsights_skip_tracking":false,"_monsterinsights_sitenote_active":false,"_monsterinsights_sitenote_note":"","_monsterinsights_sitenote_category":0,"footnotes":""},"categories":[3,14],"tags":[],"class_list":["post-8152","post","type-post","status-publish","format-standard","hentry","category-noticias","category-tablon"],"yoast_head":"<!-- This site is optimized with the Yoast SEO plugin v26.8 - https:\/\/yoast.com\/product\/yoast-seo-wordpress\/ -->\r\n<title>Tokiko zergak ordaintzeko epearen luzapena - Ayuntamiento Auritz - Burguete<\/title>\r\n<meta name=\"robots\" content=\"index, follow, max-snippet:-1, max-image-preview:large, max-video-preview:-1\" \/>\r\n<link rel=\"canonical\" href=\"http:\/\/www.burguete.es\/ampliacion-pago-tributos-locales\/\" \/>\r\n<meta property=\"og:locale\" content=\"eu_ES\" \/>\r\n<meta property=\"og:type\" content=\"article\" \/>\r\n<meta property=\"og:title\" content=\"[:es]Ampliaci\u00f3n pago tributos locales[:eu]Tokiko zergak ordaintzeko epearen luzapena[:] - Ayuntamiento Auritz - Burguete\" \/>\r\n<meta property=\"og:description\" content=\"AURIZKO ALKATEAK JAKINARAZTEN DU: \u00a0COVID-19ren Pandemiak eragindako inguruabar bereziak kontuan hartuta, martxoaren 25eko 2\/2020 Foru Dekretuan eta apirilaren 6ko 7\/2020 Foru Legean ezarritakoa betez, zeinak koronabirusaren osasun-krisiak (COVID-19) eragindako inpaktuari erantzuteko presako neurriak onartzen baititu, eta tokiko tributuen ordainketa ahal&hellip;\" \/>\r\n<meta property=\"og:url\" content=\"http:\/\/www.burguete.es\/ampliacion-pago-tributos-locales\/\" \/>\r\n<meta property=\"og:site_name\" content=\"Ayuntamiento Auritz - Burguete\" \/>\r\n<meta property=\"article:published_time\" content=\"2020-06-10T12:13:15+00:00\" \/>\r\n<meta property=\"article:modified_time\" content=\"2020-06-10T12:19:13+00:00\" \/>\r\n<meta name=\"author\" content=\"tereana\" \/>\r\n<meta name=\"twitter:card\" content=\"summary_large_image\" \/>\r\n<meta name=\"twitter:label1\" content=\"Written by\" \/>\n\t<meta name=\"twitter:data1\" content=\"tereana\" \/>\n\t<meta name=\"twitter:label2\" content=\"Est. reading time\" \/>\n\t<meta name=\"twitter:data2\" content=\"3 minutes\" \/>\r\n<script type=\"application\/ld+json\" class=\"yoast-schema-graph\">{\"@context\":\"https:\/\/schema.org\",\"@graph\":[{\"@type\":\"Article\",\"@id\":\"http:\/\/www.burguete.es\/ampliacion-pago-tributos-locales\/#article\",\"isPartOf\":{\"@id\":\"http:\/\/www.burguete.es\/ampliacion-pago-tributos-locales\/\"},\"author\":{\"name\":\"tereana\",\"@id\":\"http:\/\/www.burguete.es\/#\/schema\/person\/ec748fc53a2ae6c1ff88d9cca9adad2d\"},\"headline\":\"Tokiko zergak ordaintzeko epearen luzapena\",\"datePublished\":\"2020-06-10T12:13:15+00:00\",\"dateModified\":\"2020-06-10T12:19:13+00:00\",\"mainEntityOfPage\":{\"@id\":\"http:\/\/www.burguete.es\/ampliacion-pago-tributos-locales\/\"},\"wordCount\":532,\"articleSection\":[\"Albisteak\",\"Taula\"],\"inLanguage\":\"eu-ES\"},{\"@type\":\"WebPage\",\"@id\":\"http:\/\/www.burguete.es\/ampliacion-pago-tributos-locales\/\",\"url\":\"http:\/\/www.burguete.es\/ampliacion-pago-tributos-locales\/\",\"name\":\"[:es]Ampliaci\u00f3n pago tributos locales[:eu]Tokiko zergak ordaintzeko epearen luzapena[:] - Ayuntamiento Auritz - Burguete\",\"isPartOf\":{\"@id\":\"http:\/\/www.burguete.es\/#website\"},\"datePublished\":\"2020-06-10T12:13:15+00:00\",\"dateModified\":\"2020-06-10T12:19:13+00:00\",\"author\":{\"@id\":\"http:\/\/www.burguete.es\/#\/schema\/person\/ec748fc53a2ae6c1ff88d9cca9adad2d\"},\"breadcrumb\":{\"@id\":\"http:\/\/www.burguete.es\/ampliacion-pago-tributos-locales\/#breadcrumb\"},\"inLanguage\":\"eu-ES\",\"potentialAction\":[{\"@type\":\"ReadAction\",\"target\":[\"http:\/\/www.burguete.es\/ampliacion-pago-tributos-locales\/\"]}]},{\"@type\":\"BreadcrumbList\",\"@id\":\"http:\/\/www.burguete.es\/ampliacion-pago-tributos-locales\/#breadcrumb\",\"itemListElement\":[{\"@type\":\"ListItem\",\"position\":1,\"name\":\"Portada\",\"item\":\"http:\/\/www.burguete.es\/\"},{\"@type\":\"ListItem\",\"position\":2,\"name\":\"Ampliaci\u00f3n pago tributos locales\"}]},{\"@type\":\"WebSite\",\"@id\":\"http:\/\/www.burguete.es\/#website\",\"url\":\"http:\/\/www.burguete.es\/\",\"name\":\"Ayuntamiento Auritz - Burguete\",\"description\":\"Auritz - Burgueteko Udala\",\"potentialAction\":[{\"@type\":\"SearchAction\",\"target\":{\"@type\":\"EntryPoint\",\"urlTemplate\":\"http:\/\/www.burguete.es\/?s={search_term_string}\"},\"query-input\":{\"@type\":\"PropertyValueSpecification\",\"valueRequired\":true,\"valueName\":\"search_term_string\"}}],\"inLanguage\":\"eu-ES\"},{\"@type\":\"Person\",\"@id\":\"http:\/\/www.burguete.es\/#\/schema\/person\/ec748fc53a2ae6c1ff88d9cca9adad2d\",\"name\":\"tereana\",\"image\":{\"@type\":\"ImageObject\",\"inLanguage\":\"eu-ES\",\"@id\":\"http:\/\/www.burguete.es\/#\/schema\/person\/image\/\",\"url\":\"https:\/\/secure.gravatar.com\/avatar\/53781f463547c65118ee8120f28226cb571ba4f5dae39a5c75831e60104a411c?s=96&d=blank&r=g\",\"contentUrl\":\"https:\/\/secure.gravatar.com\/avatar\/53781f463547c65118ee8120f28226cb571ba4f5dae39a5c75831e60104a411c?s=96&d=blank&r=g\",\"caption\":\"tereana\"},\"url\":\"http:\/\/www.burguete.es\/eu\/author\/tereana\/\"}]}<\/script>\r\n<!-- \/ Yoast SEO plugin. -->","yoast_head_json":{"title":"[:es]Ampliaci\u00f3n pago tributos locales[:eu]Tokiko zergak ordaintzeko epearen luzapena[:] - Ayuntamiento Auritz - Burguete","robots":{"index":"index","follow":"follow","max-snippet":"max-snippet:-1","max-image-preview":"max-image-preview:large","max-video-preview":"max-video-preview:-1"},"canonical":"http:\/\/www.burguete.es\/ampliacion-pago-tributos-locales\/","og_locale":"eu_ES","og_type":"article","og_title":"[:es]Ampliaci\u00f3n pago tributos locales[:eu]Tokiko zergak ordaintzeko epearen luzapena[:] - Ayuntamiento Auritz - Burguete","og_description":"AURIZKO ALKATEAK JAKINARAZTEN DU: \u00a0COVID-19ren Pandemiak eragindako inguruabar bereziak kontuan hartuta, martxoaren 25eko 2\/2020 Foru Dekretuan eta apirilaren 6ko 7\/2020 Foru Legean ezarritakoa betez, zeinak koronabirusaren osasun-krisiak (COVID-19) eragindako inpaktuari erantzuteko presako neurriak onartzen baititu, eta tokiko tributuen ordainketa ahal&hellip;","og_url":"http:\/\/www.burguete.es\/ampliacion-pago-tributos-locales\/","og_site_name":"Ayuntamiento Auritz - Burguete","article_published_time":"2020-06-10T12:13:15+00:00","article_modified_time":"2020-06-10T12:19:13+00:00","author":"tereana","twitter_card":"summary_large_image","twitter_misc":{"Written by":"tereana","Est. reading time":"3 minutes"},"schema":{"@context":"https:\/\/schema.org","@graph":[{"@type":"Article","@id":"http:\/\/www.burguete.es\/ampliacion-pago-tributos-locales\/#article","isPartOf":{"@id":"http:\/\/www.burguete.es\/ampliacion-pago-tributos-locales\/"},"author":{"name":"tereana","@id":"http:\/\/www.burguete.es\/#\/schema\/person\/ec748fc53a2ae6c1ff88d9cca9adad2d"},"headline":"Tokiko zergak ordaintzeko epearen luzapena","datePublished":"2020-06-10T12:13:15+00:00","dateModified":"2020-06-10T12:19:13+00:00","mainEntityOfPage":{"@id":"http:\/\/www.burguete.es\/ampliacion-pago-tributos-locales\/"},"wordCount":532,"articleSection":["Albisteak","Taula"],"inLanguage":"eu-ES"},{"@type":"WebPage","@id":"http:\/\/www.burguete.es\/ampliacion-pago-tributos-locales\/","url":"http:\/\/www.burguete.es\/ampliacion-pago-tributos-locales\/","name":"[:es]Ampliaci\u00f3n pago tributos locales[:eu]Tokiko zergak ordaintzeko epearen luzapena[:] - Ayuntamiento Auritz - Burguete","isPartOf":{"@id":"http:\/\/www.burguete.es\/#website"},"datePublished":"2020-06-10T12:13:15+00:00","dateModified":"2020-06-10T12:19:13+00:00","author":{"@id":"http:\/\/www.burguete.es\/#\/schema\/person\/ec748fc53a2ae6c1ff88d9cca9adad2d"},"breadcrumb":{"@id":"http:\/\/www.burguete.es\/ampliacion-pago-tributos-locales\/#breadcrumb"},"inLanguage":"eu-ES","potentialAction":[{"@type":"ReadAction","target":["http:\/\/www.burguete.es\/ampliacion-pago-tributos-locales\/"]}]},{"@type":"BreadcrumbList","@id":"http:\/\/www.burguete.es\/ampliacion-pago-tributos-locales\/#breadcrumb","itemListElement":[{"@type":"ListItem","position":1,"name":"Portada","item":"http:\/\/www.burguete.es\/"},{"@type":"ListItem","position":2,"name":"Ampliaci\u00f3n pago tributos locales"}]},{"@type":"WebSite","@id":"http:\/\/www.burguete.es\/#website","url":"http:\/\/www.burguete.es\/","name":"Ayuntamiento Auritz - Burguete","description":"Auritz - Burgueteko Udala","potentialAction":[{"@type":"SearchAction","target":{"@type":"EntryPoint","urlTemplate":"http:\/\/www.burguete.es\/?s={search_term_string}"},"query-input":{"@type":"PropertyValueSpecification","valueRequired":true,"valueName":"search_term_string"}}],"inLanguage":"eu-ES"},{"@type":"Person","@id":"http:\/\/www.burguete.es\/#\/schema\/person\/ec748fc53a2ae6c1ff88d9cca9adad2d","name":"tereana","image":{"@type":"ImageObject","inLanguage":"eu-ES","@id":"http:\/\/www.burguete.es\/#\/schema\/person\/image\/","url":"https:\/\/secure.gravatar.com\/avatar\/53781f463547c65118ee8120f28226cb571ba4f5dae39a5c75831e60104a411c?s=96&d=blank&r=g","contentUrl":"https:\/\/secure.gravatar.com\/avatar\/53781f463547c65118ee8120f28226cb571ba4f5dae39a5c75831e60104a411c?s=96&d=blank&r=g","caption":"tereana"},"url":"http:\/\/www.burguete.es\/eu\/author\/tereana\/"}]}},"_links":{"self":[{"href":"http:\/\/www.burguete.es\/eu\/wp-json\/wp\/v2\/posts\/8152","targetHints":{"allow":["GET"]}}],"collection":[{"href":"http:\/\/www.burguete.es\/eu\/wp-json\/wp\/v2\/posts"}],"about":[{"href":"http:\/\/www.burguete.es\/eu\/wp-json\/wp\/v2\/types\/post"}],"author":[{"embeddable":true,"href":"http:\/\/www.burguete.es\/eu\/wp-json\/wp\/v2\/users\/143"}],"replies":[{"embeddable":true,"href":"http:\/\/www.burguete.es\/eu\/wp-json\/wp\/v2\/comments?post=8152"}],"version-history":[{"count":3,"href":"http:\/\/www.burguete.es\/eu\/wp-json\/wp\/v2\/posts\/8152\/revisions"}],"predecessor-version":[{"id":8155,"href":"http:\/\/www.burguete.es\/eu\/wp-json\/wp\/v2\/posts\/8152\/revisions\/8155"}],"wp:attachment":[{"href":"http:\/\/www.burguete.es\/eu\/wp-json\/wp\/v2\/media?parent=8152"}],"wp:term":[{"taxonomy":"category","embeddable":true,"href":"http:\/\/www.burguete.es\/eu\/wp-json\/wp\/v2\/categories?post=8152"},{"taxonomy":"post_tag","embeddable":true,"href":"http:\/\/www.burguete.es\/eu\/wp-json\/wp\/v2\/tags?post=8152"}],"curies":[{"name":"wp","href":"https:\/\/api.w.org\/{rel}","templated":true}]}}